{"id":2679,"date":"2023-06-22T08:00:28","date_gmt":"2023-06-22T08:00:28","guid":{"rendered":"https:\/\/leadermalardalen.se\/?p=2679"},"modified":"2023-06-22T08:00:28","modified_gmt":"2023-06-22T08:00:28","slug":"kontoret-pa-semester","status":"publish","type":"post","link":"https:\/\/leadermalardalen.se\/en\/kontoret-pa-semester\/","title":{"rendered":"The office on vacation"},"content":{"rendered":"<p>The staff at the office will be on vacation from week 26 and will be back week 33. We will therefore not be available by phone during that time and will only check emails sporadically. We refer you during this time to our website, where you can find a lot of information about us! If you want to reach us, you do it best via email, but we do not guarantee a response until week 33.<\/p>\n<p>With that, we at Leader M\u00e4lardalen wish you a happy midsummer and a nice summer!<\/p>","protected":false},"excerpt":{"rendered":"<p>The office is on vacation from week 26 to week 33.<\/p>","protected":false},"author":18,"featured_media":2682,"comment_status":"closed","ping_status":"closed","sticky":false,"template":"","format":"standard","meta":{"_acf_changed":false,"_et_pb_use_builder":"","_et_pb_old_content":"","_et_gb_content_width":"","footnotes":"","_links_to":"","_links_to_target":""},"categories":[1],"tags":[],"class_list":["post-2679","post","type-post","status-publish","format-standard","has-post-thumbnail","hentry","category-nyheter"],"acf":[],"yoast_head":"<!-- This site is optimized with the Yoast SEO plugin v28.2 - https:\/\/yoast.com\/product\/yoast-seo-wordpress\/ -->\n<title>Kontoret p\u00e5 semester - Leader M\u00e4lardalen<\/title>\n<meta name=\"description\" content=\"Leader M\u00e4lardalens kontor har semesterst\u00e4ngt fr\u00e5n vecka 26 till vecka 33.\" \/>\n<meta name=\"robots\" content=\"index, follow, max-snippet:-1, max-image-preview:large, max-video-preview:-1\" \/>\n<link rel=\"canonical\" href=\"https:\/\/leadermalardalen.se\/en\/kontoret-pa-semester\/\" \/>\n<meta property=\"og:locale\" content=\"en_US\" \/>\n<meta property=\"og:type\" content=\"article\" \/>\n<meta property=\"og:title\" content=\"Kontoret p\u00e5 semester - Leader M\u00e4lardalen\" \/>\n<meta property=\"og:description\" content=\"Leader M\u00e4lardalens kontor har semesterst\u00e4ngt fr\u00e5n vecka 26 till vecka 33.\" \/>\n<meta property=\"og:url\" content=\"https:\/\/leadermalardalen.se\/en\/kontoret-pa-semester\/\" \/>\n<meta property=\"og:site_name\" content=\"Leader M\u00e4lardalen\" \/>\n<meta property=\"article:published_time\" content=\"2023-06-22T08:00:28+00:00\" \/>\n<meta property=\"og:image\" content=\"https:\/\/leadermalardalen.se\/wp-content\/uploads\/sites\/18\/2023\/06\/hammock-2239788_1280.jpg\" \/>\n\t<meta property=\"og:image:width\" content=\"1280\" \/>\n\t<meta property=\"og:image:height\" content=\"857\" \/>\n\t<meta property=\"og:image:type\" content=\"image\/jpeg\" \/>\n<meta name=\"author\" content=\"pernillamalardalen\" \/>\n<meta name=\"twitter:card\" content=\"summary_large_image\" \/>\n<meta name=\"twitter:label1\" content=\"Written by\" \/>\n\t<meta name=\"twitter:data1\" content=\"pernillamalardalen\" \/>\n\t<meta name=\"twitter:label2\" content=\"Est. reading time\" \/>\n\t<meta name=\"twitter:data2\" content=\"1 minute\" \/>\n<script type=\"application\/ld+json\" class=\"yoast-schema-graph\">{\"@context\":\"https:\\\/\\\/schema.org\",\"@graph\":[{\"@type\":\"Article\",\"@id\":\"https:\\\/\\\/leadermalardalen.se\\\/kontoret-pa-semester\\\/#article\",\"isPartOf\":{\"@id\":\"https:\\\/\\\/leadermalardalen.se\\\/kontoret-pa-semester\\\/\"},\"author\":{\"name\":\"pernillamalardalen\",\"@id\":\"https:\\\/\\\/leadermalardalen.se\\\/#\\\/schema\\\/person\\\/3f4c519861089d89e29f71766fc39b6b\"},\"headline\":\"Kontoret p\u00e5 semester\",\"datePublished\":\"2023-06-22T08:00:28+00:00\",\"mainEntityOfPage\":{\"@id\":\"https:\\\/\\\/leadermalardalen.se\\\/kontoret-pa-semester\\\/\"},\"wordCount\":94,\"image\":{\"@id\":\"https:\\\/\\\/leadermalardalen.se\\\/kontoret-pa-semester\\\/#primaryimage\"},\"thumbnailUrl\":\"https:\\\/\\\/leadermalardalen.se\\\/wp-content\\\/uploads\\\/sites\\\/18\\\/2023\\\/06\\\/hammock-2239788_1280.jpg\",\"articleSection\":[\"Nyheter\"],\"inLanguage\":\"en-US\"},{\"@type\":\"WebPage\",\"@id\":\"https:\\\/\\\/leadermalardalen.se\\\/kontoret-pa-semester\\\/\",\"url\":\"https:\\\/\\\/leadermalardalen.se\\\/kontoret-pa-semester\\\/\",\"name\":\"Kontoret p\u00e5 semester - Leader M\u00e4lardalen\",\"isPartOf\":{\"@id\":\"https:\\\/\\\/leadermalardalen.se\\\/#website\"},\"primaryImageOfPage\":{\"@id\":\"https:\\\/\\\/leadermalardalen.se\\\/kontoret-pa-semester\\\/#primaryimage\"},\"image\":{\"@id\":\"https:\\\/\\\/leadermalardalen.se\\\/kontoret-pa-semester\\\/#primaryimage\"},\"thumbnailUrl\":\"https:\\\/\\\/leadermalardalen.se\\\/wp-content\\\/uploads\\\/sites\\\/18\\\/2023\\\/06\\\/hammock-2239788_1280.jpg\",\"datePublished\":\"2023-06-22T08:00:28+00:00\",\"author\":{\"@id\":\"https:\\\/\\\/leadermalardalen.se\\\/#\\\/schema\\\/person\\\/3f4c519861089d89e29f71766fc39b6b\"},\"description\":\"Leader M\u00e4lardalens kontor har semesterst\u00e4ngt fr\u00e5n vecka 26 till vecka 33.\",\"breadcrumb\":{\"@id\":\"https:\\\/\\\/leadermalardalen.se\\\/kontoret-pa-semester\\\/#breadcrumb\"},\"inLanguage\":\"en-US\",\"potentialAction\":[{\"@type\":\"ReadAction\",\"target\":[\"https:\\\/\\\/leadermalardalen.se\\\/kontoret-pa-semester\\\/\"]}]},{\"@type\":\"ImageObject\",\"inLanguage\":\"en-US\",\"@id\":\"https:\\\/\\\/leadermalardalen.se\\\/kontoret-pa-semester\\\/#primaryimage\",\"url\":\"https:\\\/\\\/leadermalardalen.se\\\/wp-content\\\/uploads\\\/sites\\\/18\\\/2023\\\/06\\\/hammock-2239788_1280.jpg\",\"contentUrl\":\"https:\\\/\\\/leadermalardalen.se\\\/wp-content\\\/uploads\\\/sites\\\/18\\\/2023\\\/06\\\/hammock-2239788_1280.jpg\",\"width\":1280,\"height\":857,\"caption\":\"Ett par f\u00f6tter med sneakers som sticker ut ut \u00e4nden av en gr\u00f6n h\u00e4ngmatta.\"},{\"@type\":\"BreadcrumbList\",\"@id\":\"https:\\\/\\\/leadermalardalen.se\\\/kontoret-pa-semester\\\/#breadcrumb\",\"itemListElement\":[{\"@type\":\"ListItem\",\"position\":1,\"name\":\"Hem\",\"item\":\"https:\\\/\\\/leadermalardalen.se\\\/\"},{\"@type\":\"ListItem\",\"position\":2,\"name\":\"Kontoret p\u00e5 semester\"}]},{\"@type\":\"WebSite\",\"@id\":\"https:\\\/\\\/leadermalardalen.se\\\/#website\",\"url\":\"https:\\\/\\\/leadermalardalen.se\\\/\",\"name\":\"Leader M\u00e4lardalen\",\"description\":\"\",\"potentialAction\":[{\"@type\":\"SearchAction\",\"target\":{\"@type\":\"EntryPoint\",\"urlTemplate\":\"https:\\\/\\\/leadermalardalen.se\\\/?s={search_term_string}\"},\"query-input\":{\"@type\":\"PropertyValueSpecification\",\"valueRequired\":true,\"valueName\":\"search_term_string\"}}],\"inLanguage\":\"en-US\"},{\"@type\":\"Person\",\"@id\":\"https:\\\/\\\/leadermalardalen.se\\\/#\\\/schema\\\/person\\\/3f4c519861089d89e29f71766fc39b6b\",\"name\":\"pernillamalardalen\",\"image\":{\"@type\":\"ImageObject\",\"inLanguage\":\"en-US\",\"@id\":\"https:\\\/\\\/secure.gravatar.com\\\/avatar\\\/5f25723f02f967a6fa22944f5601b356be6844531f5fde28ec551aac3db62050?s=96&d=mm&r=g\",\"url\":\"https:\\\/\\\/secure.gravatar.com\\\/avatar\\\/5f25723f02f967a6fa22944f5601b356be6844531f5fde28ec551aac3db62050?s=96&d=mm&r=g\",\"contentUrl\":\"https:\\\/\\\/secure.gravatar.com\\\/avatar\\\/5f25723f02f967a6fa22944f5601b356be6844531f5fde28ec551aac3db62050?s=96&d=mm&r=g\",\"caption\":\"pernillamalardalen\"}}]}<\/script>\n<!-- \/ Yoast SEO plugin. -->","yoast_head_json":{"title":"Kontoret p\u00e5 semester - Leader M\u00e4lardalen","description":"Leader M\u00e4lardalens kontor har semesterst\u00e4ngt fr\u00e5n vecka 26 till vecka 33.","robots":{"index":"index","follow":"follow","max-snippet":"max-snippet:-1","max-image-preview":"max-image-preview:large","max-video-preview":"max-video-preview:-1"},"canonical":"https:\/\/leadermalardalen.se\/en\/kontoret-pa-semester\/","og_locale":"en_US","og_type":"article","og_title":"Kontoret p\u00e5 semester - Leader M\u00e4lardalen","og_description":"Leader M\u00e4lardalens kontor har semesterst\u00e4ngt fr\u00e5n vecka 26 till vecka 33.","og_url":"https:\/\/leadermalardalen.se\/en\/kontoret-pa-semester\/","og_site_name":"Leader M\u00e4lardalen","article_published_time":"2023-06-22T08:00:28+00:00","og_image":[{"width":1280,"height":857,"url":"https:\/\/leadermalardalen.se\/wp-content\/uploads\/sites\/18\/2023\/06\/hammock-2239788_1280.jpg","type":"image\/jpeg"}],"author":"pernillamalardalen","twitter_card":"summary_large_image","twitter_misc":{"Written by":"pernillamalardalen","Est. reading time":"1 minute"},"schema":{"@context":"https:\/\/schema.org","@graph":[{"@type":"Article","@id":"https:\/\/leadermalardalen.se\/kontoret-pa-semester\/#article","isPartOf":{"@id":"https:\/\/leadermalardalen.se\/kontoret-pa-semester\/"},"author":{"name":"pernillamalardalen","@id":"https:\/\/leadermalardalen.se\/#\/schema\/person\/3f4c519861089d89e29f71766fc39b6b"},"headline":"Kontoret p\u00e5 semester","datePublished":"2023-06-22T08:00:28+00:00","mainEntityOfPage":{"@id":"https:\/\/leadermalardalen.se\/kontoret-pa-semester\/"},"wordCount":94,"image":{"@id":"https:\/\/leadermalardalen.se\/kontoret-pa-semester\/#primaryimage"},"thumbnailUrl":"https:\/\/leadermalardalen.se\/wp-content\/uploads\/sites\/18\/2023\/06\/hammock-2239788_1280.jpg","articleSection":["Nyheter"],"inLanguage":"en-US"},{"@type":"WebPage","@id":"https:\/\/leadermalardalen.se\/kontoret-pa-semester\/","url":"https:\/\/leadermalardalen.se\/kontoret-pa-semester\/","name":"Kontoret p\u00e5 semester - Leader M\u00e4lardalen","isPartOf":{"@id":"https:\/\/leadermalardalen.se\/#website"},"primaryImageOfPage":{"@id":"https:\/\/leadermalardalen.se\/kontoret-pa-semester\/#primaryimage"},"image":{"@id":"https:\/\/leadermalardalen.se\/kontoret-pa-semester\/#primaryimage"},"thumbnailUrl":"https:\/\/leadermalardalen.se\/wp-content\/uploads\/sites\/18\/2023\/06\/hammock-2239788_1280.jpg","datePublished":"2023-06-22T08:00:28+00:00","author":{"@id":"https:\/\/leadermalardalen.se\/#\/schema\/person\/3f4c519861089d89e29f71766fc39b6b"},"description":"Leader M\u00e4lardalens kontor har semesterst\u00e4ngt fr\u00e5n vecka 26 till vecka 33.","breadcrumb":{"@id":"https:\/\/leadermalardalen.se\/kontoret-pa-semester\/#breadcrumb"},"inLanguage":"en-US","potentialAction":[{"@type":"ReadAction","target":["https:\/\/leadermalardalen.se\/kontoret-pa-semester\/"]}]},{"@type":"ImageObject","inLanguage":"en-US","@id":"https:\/\/leadermalardalen.se\/kontoret-pa-semester\/#primaryimage","url":"https:\/\/leadermalardalen.se\/wp-content\/uploads\/sites\/18\/2023\/06\/hammock-2239788_1280.jpg","contentUrl":"https:\/\/leadermalardalen.se\/wp-content\/uploads\/sites\/18\/2023\/06\/hammock-2239788_1280.jpg","width":1280,"height":857,"caption":"Ett par f\u00f6tter med sneakers som sticker ut ut \u00e4nden av en gr\u00f6n h\u00e4ngmatta."},{"@type":"BreadcrumbList","@id":"https:\/\/leadermalardalen.se\/kontoret-pa-semester\/#breadcrumb","itemListElement":[{"@type":"ListItem","position":1,"name":"Hem","item":"https:\/\/leadermalardalen.se\/"},{"@type":"ListItem","position":2,"name":"Kontoret p\u00e5 semester"}]},{"@type":"WebSite","@id":"https:\/\/leadermalardalen.se\/#website","url":"https:\/\/leadermalardalen.se\/","name":"Leader M\u00e4lardalen","description":"","potentialAction":[{"@type":"SearchAction","target":{"@type":"EntryPoint","urlTemplate":"https:\/\/leadermalardalen.se\/?s={search_term_string}"},"query-input":{"@type":"PropertyValueSpecification","valueRequired":true,"valueName":"search_term_string"}}],"inLanguage":"en-US"},{"@type":"Person","@id":"https:\/\/leadermalardalen.se\/#\/schema\/person\/3f4c519861089d89e29f71766fc39b6b","name":"pernillamalardalen","image":{"@type":"ImageObject","inLanguage":"en-US","@id":"https:\/\/secure.gravatar.com\/avatar\/5f25723f02f967a6fa22944f5601b356be6844531f5fde28ec551aac3db62050?s=96&d=mm&r=g","url":"https:\/\/secure.gravatar.com\/avatar\/5f25723f02f967a6fa22944f5601b356be6844531f5fde28ec551aac3db62050?s=96&d=mm&r=g","contentUrl":"https:\/\/secure.gravatar.com\/avatar\/5f25723f02f967a6fa22944f5601b356be6844531f5fde28ec551aac3db62050?s=96&d=mm&r=g","caption":"pernillamalardalen"}}]}},"_links":{"self":[{"href":"https:\/\/leadermalardalen.se\/en\/wp-json\/wp\/v2\/posts\/2679","targetHints":{"allow":["GET"]}}],"collection":[{"href":"https:\/\/leadermalardalen.se\/en\/wp-json\/wp\/v2\/posts"}],"about":[{"href":"https:\/\/leadermalardalen.se\/en\/wp-json\/wp\/v2\/types\/post"}],"author":[{"embeddable":true,"href":"https:\/\/leadermalardalen.se\/en\/wp-json\/wp\/v2\/users\/18"}],"replies":[{"embeddable":true,"href":"https:\/\/leadermalardalen.se\/en\/wp-json\/wp\/v2\/comments?post=2679"}],"version-history":[{"count":2,"href":"https:\/\/leadermalardalen.se\/en\/wp-json\/wp\/v2\/posts\/2679\/revisions"}],"predecessor-version":[{"id":2681,"href":"https:\/\/leadermalardalen.se\/en\/wp-json\/wp\/v2\/posts\/2679\/revisions\/2681"}],"wp:featuredmedia":[{"embeddable":true,"href":"https:\/\/leadermalardalen.se\/en\/wp-json\/wp\/v2\/media\/2682"}],"wp:attachment":[{"href":"https:\/\/leadermalardalen.se\/en\/wp-json\/wp\/v2\/media?parent=2679"}],"wp:term":[{"taxonomy":"category","embeddable":true,"href":"https:\/\/leadermalardalen.se\/en\/wp-json\/wp\/v2\/categories?post=2679"},{"taxonomy":"post_tag","embeddable":true,"href":"https:\/\/leadermalardalen.se\/en\/wp-json\/wp\/v2\/tags?post=2679"}],"curies":[{"name":"wp","href":"https:\/\/api.w.org\/{rel}","templated":true}]}}